{"id":1241,"date":"2023-03-31T13:44:29","date_gmt":"2023-03-31T13:44:29","guid":{"rendered":"https:\/\/www.andesport.com\/?p=1241"},"modified":"2024-05-28T21:04:58","modified_gmt":"2024-05-29T00:04:58","slug":"histoire-geologique-daconcagua","status":"publish","type":"post","link":"https:\/\/andesport.net\/fr\/histoire-geologique-daconcagua\/","title":{"rendered":"HISTOIRE G\u00c9OLOGIQUE D\u2019ACONCAGUA"},"content":{"rendered":"\n<p>La montagne a \u00e9t\u00e9 cr\u00e9\u00e9e par la subduction de la plaque de Nazca sous la plaque sud-am\u00e9ricaine. L\u2019Aconcagua, qui \u00e9tait un stratovolcan actif (du Cr\u00e9tac\u00e9 sup\u00e9rieur ou du Pal\u00e9oc\u00e8ne ancien au Mioc\u00e8ne), \u00e9tait compos\u00e9 de plusieurs complexes volcaniques, situ\u00e9s au bord d\u2019un bassin \u00e0 la mer peu profonde. Cependant, au Mioc\u00e8ne, il y a environ 8 \u00e0 10 millions d\u2019ann\u00e9es, l\u2019angle de subduction a commenc\u00e9 \u00e0 diminuer, ce qui a mis fin \u00e0 la fusion et \u00e0 des tensions plus horizontales entre la plaque oc\u00e9anique et le continent, ce qui a provoqu\u00e9 les failles de pouss\u00e9e qui ont soulev\u00e9 Aconcagua de racine volcanique.<\/p>\n\n\n\n<figure class=\"wp-block-image alignleft\"><img decoding=\"async\" src=\"https:\/\/www.andesport.com\/wp-content\/uploads\/2017\/08\/Monte_Aconcagua.jpg\" alt=\"\" class=\"wp-image-1680\"\/><\/figure>\n\n\n\n<p>Les roches trouv\u00e9es sur les flancs de l\u2019Aconcagua sont toutes volcaniques et se composent de laves, de br\u00e8ches et de pyroclastiques. Le bassin marin peu profond s\u2019\u00e9tait d\u00e9j\u00e0 form\u00e9 auparavant (Trias), avant m\u00eame qu\u2019Aconcagua ne se pr\u00e9sente sous forme de volcan. Cependant, le volcanisme est pr\u00e9sent dans cette r\u00e9gion depuis aussi longtemps que ce bassin est entour\u00e9 et les d\u00e9p\u00f4ts volcaniques interf\u00e8rent avec les d\u00e9p\u00f4ts marins tout au long de la s\u00e9quence. Les d\u00e9p\u00f4ts color\u00e9s verd\u00e2tres, bleu\u00e2tres et gris que l\u2019on peut voir dans la vall\u00e9e de Horcones et au sud de Puente Del Inca sont des carbonates, des calcaires, des turbidites et des vapeurs qui ont rempli ce bassin. Les roches de couleur rouge sont des intrusions, des d\u00e9p\u00f4ts de cendres et des conglom\u00e9rats d\u2019origine volcanique<\/p>\n","protected":false},"excerpt":{"rendered":"<p>La montagne a \u00e9t\u00e9 cr\u00e9\u00e9e par la subduction de la plaque de Nazca sous la plaque sud-am\u00e9ricaine. L\u2019Aconcagua, qui \u00e9tait un stratovolcan actif (du Cr\u00e9tac\u00e9 sup\u00e9rieur ou du Pal\u00e9oc\u00e8ne ancien au Mioc\u00e8ne), \u00e9tait compos\u00e9 de plusieurs complexes volcaniques, situ\u00e9s au bord d\u2019un bassin \u00e0 la mer peu profonde. Cependant, au Mioc\u00e8ne, il y a environ [&hellip;]<\/p>\n","protected":false},"author":1,"featured_media":606,"comment_status":"closed","ping_status":"closed","sticky":false,"template":"","format":"standard","meta":{"site-sidebar-layout":"default","site-content-layout":"","ast-site-content-layout":"default","site-content-style":"default","site-sidebar-style":"default","ast-global-header-display":"","ast-banner-title-visibility":"","ast-main-header-display":"","ast-hfb-above-header-display":"","ast-hfb-below-header-display":"","ast-hfb-mobile-header-display":"","site-post-title":"","ast-breadcrumbs-content":"","ast-featured-img":"","footer-sml-layout":"","ast-disable-related-posts":"","theme-transparent-header-meta":"","adv-header-id-meta":"","stick-header-meta":"","header-above-stick-meta":"","header-main-stick-meta":"","header-below-stick-meta":"","astra-migrate-meta-layouts":"default","ast-page-background-enabled":"default","ast-page-background-meta":{"desktop":{"background-color":"var(--ast-global-color-4)","background-image":"","background-repeat":"repeat","background-position":"center center","background-size":"auto","background-attachment":"scroll","background-type":"","background-media":"","overlay-type":"","overlay-color":"","overlay-opacity":"","overlay-gradient":""},"tablet":{"background-color":"","background-image":"","background-repeat":"repeat","background-position":"center center","background-size":"auto","background-attachment":"scroll","background-type":"","background-media":"","overlay-type":"","overlay-color":"","overlay-opacity":"","overlay-gradient":""},"mobile":{"background-color":"","background-image":"","background-repeat":"repeat","background-position":"center center","background-size":"auto","background-attachment":"scroll","background-type":"","background-media":"","overlay-type":"","overlay-color":"","overlay-opacity":"","overlay-gradient":""}},"ast-content-background-meta":{"desktop":{"background-color":"var(--ast-global-color-5)","background-image":"","background-repeat":"repeat","background-position":"center center","background-size":"auto","background-attachment":"scroll","background-type":"","background-media":"","overlay-type":"","overlay-color":"","overlay-opacity":"","overlay-gradient":""},"tablet":{"background-color":"var(--ast-global-color-5)","background-image":"","background-repeat":"repeat","background-position":"center center","background-size":"auto","background-attachment":"scroll","background-type":"","background-media":"","overlay-type":"","overlay-color":"","overlay-opacity":"","overlay-gradient":""},"mobile":{"background-color":"var(--ast-global-color-5)","background-image":"","background-repeat":"repeat","background-position":"center center","background-size":"auto","background-attachment":"scroll","background-type":"","background-media":"","overlay-type":"","overlay-color":"","overlay-opacity":"","overlay-gradient":""}},"footnotes":""},"categories":[14],"tags":[],"class_list":["post-1241","post","type-post","status-publish","format-standard","has-post-thumbnail","hentry","category-sin-categorizar"],"yoast_head":"<!-- This site is optimized with the Yoast SEO plugin v27.4 - https:\/\/yoast.com\/product\/yoast-seo-wordpress\/ -->\n<title>HISTOIRE G\u00c9OLOGIQUE D\u2019ACONCAGUA<\/title>\n<meta name=\"description\" content=\"La montagne a \u00e9t\u00e9 cr\u00e9\u00e9e par la subduction de la plaque de Nazca sous la plaque sud-am\u00e9ricaine. L\u2019Aconcagua, qui \u00e9tait un stratovolcan actif (du Cr\u00e9tac\u00e9\" \/>\n<meta name=\"robots\" content=\"index, follow, max-snippet:-1, max-image-preview:large, max-video-preview:-1\" \/>\n<link rel=\"canonical\" href=\"https:\/\/andesport.net\/fr\/histoire-geologique-daconcagua\/\" \/>\n<meta property=\"og:locale\" content=\"fr_FR\" \/>\n<meta property=\"og:type\" content=\"article\" \/>\n<meta property=\"og:title\" content=\"HISTOIRE G\u00c9OLOGIQUE D\u2019ACONCAGUA\" \/>\n<meta property=\"og:description\" content=\"La montagne a \u00e9t\u00e9 cr\u00e9\u00e9e par la subduction de la plaque de Nazca sous la plaque sud-am\u00e9ricaine. L\u2019Aconcagua, qui \u00e9tait un stratovolcan actif (du Cr\u00e9tac\u00e9\" \/>\n<meta property=\"og:url\" content=\"https:\/\/andesport.net\/fr\/histoire-geologique-daconcagua\/\" \/>\n<meta property=\"article:publisher\" content=\"https:\/\/www.facebook.com\/andesportexpeditions\/\" \/>\n<meta property=\"article:published_time\" content=\"2023-03-31T13:44:29+00:00\" \/>\n<meta property=\"article:modified_time\" content=\"2024-05-29T00:04:58+00:00\" \/>\n<meta property=\"og:image\" content=\"https:\/\/andesport.net\/wp-content\/uploads\/2023\/03\/Monte_Aconcagua.jpeg\" \/>\n\t<meta property=\"og:image:width\" content=\"1024\" \/>\n\t<meta property=\"og:image:height\" content=\"768\" \/>\n\t<meta property=\"og:image:type\" content=\"image\/jpeg\" \/>\n<meta name=\"author\" content=\"desarrollo\" \/>\n<meta name=\"twitter:card\" content=\"summary_large_image\" \/>\n<meta name=\"twitter:label1\" content=\"\u00c9crit par\" \/>\n\t<meta name=\"twitter:data1\" content=\"desarrollo\" \/>\n\t<meta name=\"twitter:label2\" content=\"Dur\u00e9e de lecture estim\u00e9e\" \/>\n\t<meta name=\"twitter:data2\" content=\"2 minutes\" \/>\n<script type=\"application\/ld+json\" class=\"yoast-schema-graph\">{\"@context\":\"https:\\\/\\\/schema.org\",\"@graph\":[{\"@type\":\"Article\",\"@id\":\"https:\\\/\\\/andesport.net\\\/fr\\\/histoire-geologique-daconcagua\\\/#article\",\"isPartOf\":{\"@id\":\"https:\\\/\\\/andesport.net\\\/fr\\\/histoire-geologique-daconcagua\\\/\"},\"author\":{\"name\":\"desarrollo\",\"@id\":\"https:\\\/\\\/andesport.net\\\/fr\\\/#\\\/schema\\\/person\\\/254fedb48827e88f555c1e442debe4d9\"},\"headline\":\"HISTOIRE G\u00c9OLOGIQUE D\u2019ACONCAGUA\",\"datePublished\":\"2023-03-31T13:44:29+00:00\",\"dateModified\":\"2024-05-29T00:04:58+00:00\",\"mainEntityOfPage\":{\"@id\":\"https:\\\/\\\/andesport.net\\\/fr\\\/histoire-geologique-daconcagua\\\/\"},\"wordCount\":271,\"publisher\":{\"@id\":\"https:\\\/\\\/andesport.net\\\/fr\\\/#organization\"},\"image\":{\"@id\":\"https:\\\/\\\/andesport.net\\\/fr\\\/histoire-geologique-daconcagua\\\/#primaryimage\"},\"thumbnailUrl\":\"https:\\\/\\\/andesport.net\\\/wp-content\\\/uploads\\\/2023\\\/03\\\/Monte_Aconcagua.jpeg\",\"articleSection\":[\"Sin categorizar\"],\"inLanguage\":\"fr-FR\"},{\"@type\":\"WebPage\",\"@id\":\"https:\\\/\\\/andesport.net\\\/fr\\\/histoire-geologique-daconcagua\\\/\",\"url\":\"https:\\\/\\\/andesport.net\\\/fr\\\/histoire-geologique-daconcagua\\\/\",\"name\":\"HISTOIRE G\u00c9OLOGIQUE D\u2019ACONCAGUA\",\"isPartOf\":{\"@id\":\"https:\\\/\\\/andesport.net\\\/fr\\\/#website\"},\"primaryImageOfPage\":{\"@id\":\"https:\\\/\\\/andesport.net\\\/fr\\\/histoire-geologique-daconcagua\\\/#primaryimage\"},\"image\":{\"@id\":\"https:\\\/\\\/andesport.net\\\/fr\\\/histoire-geologique-daconcagua\\\/#primaryimage\"},\"thumbnailUrl\":\"https:\\\/\\\/andesport.net\\\/wp-content\\\/uploads\\\/2023\\\/03\\\/Monte_Aconcagua.jpeg\",\"datePublished\":\"2023-03-31T13:44:29+00:00\",\"dateModified\":\"2024-05-29T00:04:58+00:00\",\"description\":\"La montagne a \u00e9t\u00e9 cr\u00e9\u00e9e par la subduction de la plaque de Nazca sous la plaque sud-am\u00e9ricaine. L\u2019Aconcagua, qui \u00e9tait un stratovolcan actif (du Cr\u00e9tac\u00e9\",\"breadcrumb\":{\"@id\":\"https:\\\/\\\/andesport.net\\\/fr\\\/histoire-geologique-daconcagua\\\/#breadcrumb\"},\"inLanguage\":\"fr-FR\",\"potentialAction\":[{\"@type\":\"ReadAction\",\"target\":[\"https:\\\/\\\/andesport.net\\\/fr\\\/histoire-geologique-daconcagua\\\/\"]}]},{\"@type\":\"ImageObject\",\"inLanguage\":\"fr-FR\",\"@id\":\"https:\\\/\\\/andesport.net\\\/fr\\\/histoire-geologique-daconcagua\\\/#primaryimage\",\"url\":\"https:\\\/\\\/andesport.net\\\/wp-content\\\/uploads\\\/2023\\\/03\\\/Monte_Aconcagua.jpeg\",\"contentUrl\":\"https:\\\/\\\/andesport.net\\\/wp-content\\\/uploads\\\/2023\\\/03\\\/Monte_Aconcagua.jpeg\",\"width\":1024,\"height\":768,\"caption\":\"Aconcagua Expeditions\"},{\"@type\":\"BreadcrumbList\",\"@id\":\"https:\\\/\\\/andesport.net\\\/fr\\\/histoire-geologique-daconcagua\\\/#breadcrumb\",\"itemListElement\":[{\"@type\":\"ListItem\",\"position\":1,\"name\":\"Home\",\"item\":\"https:\\\/\\\/andesport.net\\\/fr\\\/inicio\\\/\"},{\"@type\":\"ListItem\",\"position\":2,\"name\":\"HISTOIRE G\u00c9OLOGIQUE D\u2019ACONCAGUA\"}]},{\"@type\":\"WebSite\",\"@id\":\"https:\\\/\\\/andesport.net\\\/fr\\\/#website\",\"url\":\"https:\\\/\\\/andesport.net\\\/fr\\\/\",\"name\":\"Aconcagua Expeditions Logistics & Guides\",\"description\":\"Andesport,Where Adventure lives!!!\",\"publisher\":{\"@id\":\"https:\\\/\\\/andesport.net\\\/fr\\\/#organization\"},\"potentialAction\":[{\"@type\":\"SearchAction\",\"target\":{\"@type\":\"EntryPoint\",\"urlTemplate\":\"https:\\\/\\\/andesport.net\\\/fr\\\/?s={search_term_string}\"},\"query-input\":{\"@type\":\"PropertyValueSpecification\",\"valueRequired\":true,\"valueName\":\"search_term_string\"}}],\"inLanguage\":\"fr-FR\"},{\"@type\":\"Organization\",\"@id\":\"https:\\\/\\\/andesport.net\\\/fr\\\/#organization\",\"name\":\"Andesport\",\"url\":\"https:\\\/\\\/andesport.net\\\/fr\\\/\",\"logo\":{\"@type\":\"ImageObject\",\"inLanguage\":\"fr-FR\",\"@id\":\"https:\\\/\\\/andesport.net\\\/fr\\\/#\\\/schema\\\/logo\\\/image\\\/\",\"url\":\"https:\\\/\\\/andesport.net\\\/wp-content\\\/uploads\\\/2024\\\/05\\\/andesport-logo-color.png\",\"contentUrl\":\"https:\\\/\\\/andesport.net\\\/wp-content\\\/uploads\\\/2024\\\/05\\\/andesport-logo-color.png\",\"width\":332,\"height\":231,\"caption\":\"Andesport\"},\"image\":{\"@id\":\"https:\\\/\\\/andesport.net\\\/fr\\\/#\\\/schema\\\/logo\\\/image\\\/\"},\"sameAs\":[\"https:\\\/\\\/www.facebook.com\\\/andesportexpeditions\\\/\",\"https:\\\/\\\/www.instagram.com\\\/andesportexpeditions\\\/\"]},{\"@type\":\"Person\",\"@id\":\"https:\\\/\\\/andesport.net\\\/fr\\\/#\\\/schema\\\/person\\\/254fedb48827e88f555c1e442debe4d9\",\"name\":\"desarrollo\",\"image\":{\"@type\":\"ImageObject\",\"inLanguage\":\"fr-FR\",\"@id\":\"https:\\\/\\\/andesport.net\\\/wp-content\\\/litespeed\\\/avatar\\\/a1f92e7a6266a76d57717e1eaf760658.jpg?ver=1777465202\",\"url\":\"https:\\\/\\\/andesport.net\\\/wp-content\\\/litespeed\\\/avatar\\\/a1f92e7a6266a76d57717e1eaf760658.jpg?ver=1777465202\",\"contentUrl\":\"https:\\\/\\\/andesport.net\\\/wp-content\\\/litespeed\\\/avatar\\\/a1f92e7a6266a76d57717e1eaf760658.jpg?ver=1777465202\",\"caption\":\"desarrollo\"},\"sameAs\":[\"https:\\\/\\\/andesport.net\"]}]}<\/script>\n<!-- \/ Yoast SEO plugin. -->","yoast_head_json":{"title":"HISTOIRE G\u00c9OLOGIQUE D\u2019ACONCAGUA","description":"La montagne a \u00e9t\u00e9 cr\u00e9\u00e9e par la subduction de la plaque de Nazca sous la plaque sud-am\u00e9ricaine. L\u2019Aconcagua, qui \u00e9tait un stratovolcan actif (du Cr\u00e9tac\u00e9","robots":{"index":"index","follow":"follow","max-snippet":"max-snippet:-1","max-image-preview":"max-image-preview:large","max-video-preview":"max-video-preview:-1"},"canonical":"https:\/\/andesport.net\/fr\/histoire-geologique-daconcagua\/","og_locale":"fr_FR","og_type":"article","og_title":"HISTOIRE G\u00c9OLOGIQUE D\u2019ACONCAGUA","og_description":"La montagne a \u00e9t\u00e9 cr\u00e9\u00e9e par la subduction de la plaque de Nazca sous la plaque sud-am\u00e9ricaine. L\u2019Aconcagua, qui \u00e9tait un stratovolcan actif (du Cr\u00e9tac\u00e9","og_url":"https:\/\/andesport.net\/fr\/histoire-geologique-daconcagua\/","article_publisher":"https:\/\/www.facebook.com\/andesportexpeditions\/","article_published_time":"2023-03-31T13:44:29+00:00","article_modified_time":"2024-05-29T00:04:58+00:00","og_image":[{"width":1024,"height":768,"url":"https:\/\/andesport.net\/wp-content\/uploads\/2023\/03\/Monte_Aconcagua.jpeg","type":"image\/jpeg"}],"author":"desarrollo","twitter_card":"summary_large_image","twitter_misc":{"\u00c9crit par":"desarrollo","Dur\u00e9e de lecture estim\u00e9e":"2 minutes"},"schema":{"@context":"https:\/\/schema.org","@graph":[{"@type":"Article","@id":"https:\/\/andesport.net\/fr\/histoire-geologique-daconcagua\/#article","isPartOf":{"@id":"https:\/\/andesport.net\/fr\/histoire-geologique-daconcagua\/"},"author":{"name":"desarrollo","@id":"https:\/\/andesport.net\/fr\/#\/schema\/person\/254fedb48827e88f555c1e442debe4d9"},"headline":"HISTOIRE G\u00c9OLOGIQUE D\u2019ACONCAGUA","datePublished":"2023-03-31T13:44:29+00:00","dateModified":"2024-05-29T00:04:58+00:00","mainEntityOfPage":{"@id":"https:\/\/andesport.net\/fr\/histoire-geologique-daconcagua\/"},"wordCount":271,"publisher":{"@id":"https:\/\/andesport.net\/fr\/#organization"},"image":{"@id":"https:\/\/andesport.net\/fr\/histoire-geologique-daconcagua\/#primaryimage"},"thumbnailUrl":"https:\/\/andesport.net\/wp-content\/uploads\/2023\/03\/Monte_Aconcagua.jpeg","articleSection":["Sin categorizar"],"inLanguage":"fr-FR"},{"@type":"WebPage","@id":"https:\/\/andesport.net\/fr\/histoire-geologique-daconcagua\/","url":"https:\/\/andesport.net\/fr\/histoire-geologique-daconcagua\/","name":"HISTOIRE G\u00c9OLOGIQUE D\u2019ACONCAGUA","isPartOf":{"@id":"https:\/\/andesport.net\/fr\/#website"},"primaryImageOfPage":{"@id":"https:\/\/andesport.net\/fr\/histoire-geologique-daconcagua\/#primaryimage"},"image":{"@id":"https:\/\/andesport.net\/fr\/histoire-geologique-daconcagua\/#primaryimage"},"thumbnailUrl":"https:\/\/andesport.net\/wp-content\/uploads\/2023\/03\/Monte_Aconcagua.jpeg","datePublished":"2023-03-31T13:44:29+00:00","dateModified":"2024-05-29T00:04:58+00:00","description":"La montagne a \u00e9t\u00e9 cr\u00e9\u00e9e par la subduction de la plaque de Nazca sous la plaque sud-am\u00e9ricaine. L\u2019Aconcagua, qui \u00e9tait un stratovolcan actif (du Cr\u00e9tac\u00e9","breadcrumb":{"@id":"https:\/\/andesport.net\/fr\/histoire-geologique-daconcagua\/#breadcrumb"},"inLanguage":"fr-FR","potentialAction":[{"@type":"ReadAction","target":["https:\/\/andesport.net\/fr\/histoire-geologique-daconcagua\/"]}]},{"@type":"ImageObject","inLanguage":"fr-FR","@id":"https:\/\/andesport.net\/fr\/histoire-geologique-daconcagua\/#primaryimage","url":"https:\/\/andesport.net\/wp-content\/uploads\/2023\/03\/Monte_Aconcagua.jpeg","contentUrl":"https:\/\/andesport.net\/wp-content\/uploads\/2023\/03\/Monte_Aconcagua.jpeg","width":1024,"height":768,"caption":"Aconcagua Expeditions"},{"@type":"BreadcrumbList","@id":"https:\/\/andesport.net\/fr\/histoire-geologique-daconcagua\/#breadcrumb","itemListElement":[{"@type":"ListItem","position":1,"name":"Home","item":"https:\/\/andesport.net\/fr\/inicio\/"},{"@type":"ListItem","position":2,"name":"HISTOIRE G\u00c9OLOGIQUE D\u2019ACONCAGUA"}]},{"@type":"WebSite","@id":"https:\/\/andesport.net\/fr\/#website","url":"https:\/\/andesport.net\/fr\/","name":"Aconcagua Expeditions Logistics & Guides","description":"Andesport,Where Adventure lives!!!","publisher":{"@id":"https:\/\/andesport.net\/fr\/#organization"},"potentialAction":[{"@type":"SearchAction","target":{"@type":"EntryPoint","urlTemplate":"https:\/\/andesport.net\/fr\/?s={search_term_string}"},"query-input":{"@type":"PropertyValueSpecification","valueRequired":true,"valueName":"search_term_string"}}],"inLanguage":"fr-FR"},{"@type":"Organization","@id":"https:\/\/andesport.net\/fr\/#organization","name":"Andesport","url":"https:\/\/andesport.net\/fr\/","logo":{"@type":"ImageObject","inLanguage":"fr-FR","@id":"https:\/\/andesport.net\/fr\/#\/schema\/logo\/image\/","url":"https:\/\/andesport.net\/wp-content\/uploads\/2024\/05\/andesport-logo-color.png","contentUrl":"https:\/\/andesport.net\/wp-content\/uploads\/2024\/05\/andesport-logo-color.png","width":332,"height":231,"caption":"Andesport"},"image":{"@id":"https:\/\/andesport.net\/fr\/#\/schema\/logo\/image\/"},"sameAs":["https:\/\/www.facebook.com\/andesportexpeditions\/","https:\/\/www.instagram.com\/andesportexpeditions\/"]},{"@type":"Person","@id":"https:\/\/andesport.net\/fr\/#\/schema\/person\/254fedb48827e88f555c1e442debe4d9","name":"desarrollo","image":{"@type":"ImageObject","inLanguage":"fr-FR","@id":"https:\/\/andesport.net\/wp-content\/litespeed\/avatar\/a1f92e7a6266a76d57717e1eaf760658.jpg?ver=1777465202","url":"https:\/\/andesport.net\/wp-content\/litespeed\/avatar\/a1f92e7a6266a76d57717e1eaf760658.jpg?ver=1777465202","contentUrl":"https:\/\/andesport.net\/wp-content\/litespeed\/avatar\/a1f92e7a6266a76d57717e1eaf760658.jpg?ver=1777465202","caption":"desarrollo"},"sameAs":["https:\/\/andesport.net"]}]}},"_links":{"self":[{"href":"https:\/\/andesport.net\/fr\/wp-json\/wp\/v2\/posts\/1241","targetHints":{"allow":["GET"]}}],"collection":[{"href":"https:\/\/andesport.net\/fr\/wp-json\/wp\/v2\/posts"}],"about":[{"href":"https:\/\/andesport.net\/fr\/wp-json\/wp\/v2\/types\/post"}],"author":[{"embeddable":true,"href":"https:\/\/andesport.net\/fr\/wp-json\/wp\/v2\/users\/1"}],"replies":[{"embeddable":true,"href":"https:\/\/andesport.net\/fr\/wp-json\/wp\/v2\/comments?post=1241"}],"version-history":[{"count":1,"href":"https:\/\/andesport.net\/fr\/wp-json\/wp\/v2\/posts\/1241\/revisions"}],"predecessor-version":[{"id":3521,"href":"https:\/\/andesport.net\/fr\/wp-json\/wp\/v2\/posts\/1241\/revisions\/3521"}],"wp:featuredmedia":[{"embeddable":true,"href":"https:\/\/andesport.net\/fr\/wp-json\/wp\/v2\/media\/606"}],"wp:attachment":[{"href":"https:\/\/andesport.net\/fr\/wp-json\/wp\/v2\/media?parent=1241"}],"wp:term":[{"taxonomy":"category","embeddable":true,"href":"https:\/\/andesport.net\/fr\/wp-json\/wp\/v2\/categories?post=1241"},{"taxonomy":"post_tag","embeddable":true,"href":"https:\/\/andesport.net\/fr\/wp-json\/wp\/v2\/tags?post=1241"}],"curies":[{"name":"wp","href":"https:\/\/api.w.org\/{rel}","templated":true}]}}