{"id":1187,"date":"2023-03-30T12:36:23","date_gmt":"2023-03-30T12:36:23","guid":{"rendered":"https:\/\/www.andesport.com\/?p=1187"},"modified":"2024-05-28T20:56:34","modified_gmt":"2024-05-28T23:56:34","slug":"el-muro-sur-el-gran-desafio-de-america","status":"publish","type":"post","link":"https:\/\/andesport.net\/es\/el-muro-sur-el-gran-desafio-de-america\/","title":{"rendered":"El muro sur, el gran desaf\u00edo de Am\u00e9rica"},"content":{"rendered":"\n<h3 class=\"wp-block-heading\">Desde el punto de vista de su base en Plaza Francia, sus casi 3 kil\u00f3metros de diferencia<\/h3>\n\n\n\n<figure class=\"wp-block-image aligncenter\"><img decoding=\"async\" src=\"https:\/\/www.andesport.com\/wp-content\/uploads\/2018\/01\/paredsur-1.jpg\" alt=\"\" class=\"wp-image-1680\"\/><\/figure>\n\n\n\n<p><br>El italiano Reinhold Messner, quiz\u00e1s el mejor alpinista de todos los tiempos, incluy\u00f3 el Muro Sur del Aconcagua en su inventario de las escaladas m\u00e1s desafiantes del mundo despu\u00e9s de abrirse una ruta de ascenso en 1974.<\/p>\n\n\n\n<p>Fue derrotado por primera vez en 1954 por una expedici\u00f3n francesa. Los galos alcanzaron la cima de la magn\u00edfica muralla en 7 d\u00edas eternos para el entonces famoso espol\u00f3n central, de incre\u00edble dificultad.<\/p>\n\n\n\n<p>A partir de ese momento, la pared sur se convirti\u00f3 en una obsesi\u00f3n para los escaladores m\u00e1s expertos e intr\u00e9pidos del mundo, y las estad\u00edsticas comenzaron a reflejarlo: en el &#8217;70 un primer grupo de argentinos repiti\u00f3 esa ruta, aunque 4 a\u00f1os antes otras connacionales abrieron. Una variante para el este. Un franc\u00e9s lleg\u00f3 a la cima de la ruta de sus compatriotas en 1981, por primera vez de manera solitaria. Ese mismo a\u00f1o una expedici\u00f3n japonesa realiz\u00f3 una cumbre en invierno, en agosto y v\u00eda Messner. Una estadounidense fue la primera mujer en derrotar el muro sur en 1984. \u00c1lvarez, S\u00e1nchez, Rodr\u00edguez y Randis son los apellidos de las primeras personas de Mendoza en llegar al techo de Am\u00e9rica a trav\u00e9s de la ruta francesa en 1986, junto con los Barrios colombianos. Y dos marcas ex\u00f3ticas e incre\u00edbles: el esloveno Slavko Sveticic en 1988 descendi\u00f3 en 10 horas desde el borde del Guanaco hasta la Plaza Francia sin una cuerda. Y en 2002 el franc\u00e9s Bruno Sourzac lo subi\u00f3 en 22 horas sin haber equipado previamente la ruta.<\/p>\n\n\n\n<p>Una docena de variantes agrupadas en tres rutas principales: ruta a la cima, dise\u00f1o central y dise\u00f1o a la derecha. Un espol\u00f3n que se eleva entre dos grandes canales de descarga de avalanchas; escalada en roca de dificultad creciente; Canales y rampas de hielo hasta 45 \u00b0 de inclinaci\u00f3n; Las Grandes Torres, zona de cordones y clavos antiguos; el glaciar medio las rocas de arenisca; el glaciar superior la pala de Messner; El borde del espol\u00f3n y su ascenso final hacia la cima. Terrible itinerario tapizado con peligros y dificultades extremas, con desprendimientos de rocas y agua que requieren trabajar casi exclusivamente en las primeras horas del d\u00eda y las \u00faltimas horas de la tarde.<\/p>\n\n\n\n<p>La cara sur de Aconcagua goza de fama internacional y durante mucho tiempo se consider\u00f3 imposible escalarla. Blanco durante todo el a\u00f1o, cubierto de glaciares colgantes y con un peligro latente de avalanchas, adem\u00e1s de la notoria dificultad t\u00e9cnica, lo convirti\u00f3 en el objeto deseado de expertos monta\u00f1eros de todo el mundo.<\/p>\n\n\n\n<p>Debido a esta realidad, especialmente teniendo en cuenta que la patrulla de rescate y el servicio m\u00e9dico no operan en ese sector, la administraci\u00f3n del Parque establece varias condiciones especiales para aquellos que pretenden acercarse al Muro Sur. Entre otras cosas, ser responsable de los gastos por la posible atenci\u00f3n m\u00e9dica, evacuaciones por accidente, b\u00fasqueda y rescate, ambulancia, etc., que ofrece una importante garant\u00eda financiera para este fin, llevar equipo VHF, informar la ruta probable de ascenso y horario, notificar peri\u00f3dicamente la situaci\u00f3n, etc.<\/p>\n\n\n\n<p>Fuente: <a href=\"https:\/\/www.aconcaguaonline.net\/A51_la-pared-sur-el-gran-desafio-del-aconcagua\" target=\"_blank\" rel=\"noreferrer noopener\">Aconcagua Online<\/a><\/p>\n","protected":false},"excerpt":{"rendered":"<p>Desde el punto de vista de su base en Plaza Francia, sus casi 3 kil\u00f3metros de diferencia El italiano Reinhold Messner, quiz\u00e1s el mejor alpinista de todos los tiempos, incluy\u00f3 el Muro Sur del Aconcagua en su inventario de las escaladas m\u00e1s desafiantes del mundo despu\u00e9s de abrirse una ruta de ascenso en 1974. Fue [&hellip;]<\/p>\n","protected":false},"author":1,"featured_media":531,"comment_status":"closed","ping_status":"closed","sticky":false,"template":"","format":"standard","meta":{"site-sidebar-layout":"default","site-content-layout":"","ast-site-content-layout":"default","site-content-style":"default","site-sidebar-style":"default","ast-global-header-display":"","ast-banner-title-visibility":"","ast-main-header-display":"","ast-hfb-above-header-display":"","ast-hfb-below-header-display":"","ast-hfb-mobile-header-display":"","site-post-title":"","ast-breadcrumbs-content":"","ast-featured-img":"","footer-sml-layout":"","ast-disable-related-posts":"","theme-transparent-header-meta":"","adv-header-id-meta":"","stick-header-meta":"","header-above-stick-meta":"","header-main-stick-meta":"","header-below-stick-meta":"","astra-migrate-meta-layouts":"default","ast-page-background-enabled":"default","ast-page-background-meta":{"desktop":{"background-color":"var(--ast-global-color-4)","background-image":"","background-repeat":"repeat","background-position":"center center","background-size":"auto","background-attachment":"scroll","background-type":"","background-media":"","overlay-type":"","overlay-color":"","overlay-opacity":"","overlay-gradient":""},"tablet":{"background-color":"","background-image":"","background-repeat":"repeat","background-position":"center center","background-size":"auto","background-attachment":"scroll","background-type":"","background-media":"","overlay-type":"","overlay-color":"","overlay-opacity":"","overlay-gradient":""},"mobile":{"background-color":"","background-image":"","background-repeat":"repeat","background-position":"center center","background-size":"auto","background-attachment":"scroll","background-type":"","background-media":"","overlay-type":"","overlay-color":"","overlay-opacity":"","overlay-gradient":""}},"ast-content-background-meta":{"desktop":{"background-color":"var(--ast-global-color-5)","background-image":"","background-repeat":"repeat","background-position":"center center","background-size":"auto","background-attachment":"scroll","background-type":"","background-media":"","overlay-type":"","overlay-color":"","overlay-opacity":"","overlay-gradient":""},"tablet":{"background-color":"var(--ast-global-color-5)","background-image":"","background-repeat":"repeat","background-position":"center center","background-size":"auto","background-attachment":"scroll","background-type":"","background-media":"","overlay-type":"","overlay-color":"","overlay-opacity":"","overlay-gradient":""},"mobile":{"background-color":"var(--ast-global-color-5)","background-image":"","background-repeat":"repeat","background-position":"center center","background-size":"auto","background-attachment":"scroll","background-type":"","background-media":"","overlay-type":"","overlay-color":"","overlay-opacity":"","overlay-gradient":""}},"footnotes":""},"categories":[14],"tags":[],"class_list":["post-1187","post","type-post","status-publish","format-standard","has-post-thumbnail","hentry","category-sin-categorizar"],"yoast_head":"<!-- This site is optimized with the Yoast SEO plugin v27.4 - https:\/\/yoast.com\/product\/yoast-seo-wordpress\/ -->\n<title>El muro sur, el gran desaf\u00edo de Am\u00e9rica<\/title>\n<meta name=\"description\" content=\"Desde el punto de vista de su base en Plaza Francia, sus casi 3 kil\u00f3metros de diferencia El italiano Reinhold Messner, quiz\u00e1s el mejor alpinista de todos\" \/>\n<meta name=\"robots\" content=\"index, follow, max-snippet:-1, max-image-preview:large, max-video-preview:-1\" \/>\n<link rel=\"canonical\" href=\"https:\/\/andesport.net\/es\/el-muro-sur-el-gran-desafio-de-america\/\" \/>\n<meta property=\"og:locale\" content=\"es_ES\" \/>\n<meta property=\"og:type\" content=\"article\" \/>\n<meta property=\"og:title\" content=\"El muro sur, el gran desaf\u00edo de Am\u00e9rica\" \/>\n<meta property=\"og:description\" content=\"Desde el punto de vista de su base en Plaza Francia, sus casi 3 kil\u00f3metros de diferencia El italiano Reinhold Messner, quiz\u00e1s el mejor alpinista de todos\" \/>\n<meta property=\"og:url\" content=\"https:\/\/andesport.net\/es\/el-muro-sur-el-gran-desafio-de-america\/\" \/>\n<meta property=\"article:publisher\" content=\"https:\/\/www.facebook.com\/andesportexpeditions\/\" \/>\n<meta property=\"article:published_time\" content=\"2023-03-30T12:36:23+00:00\" \/>\n<meta property=\"article:modified_time\" content=\"2024-05-28T23:56:34+00:00\" \/>\n<meta property=\"og:image\" content=\"https:\/\/andesport.net\/wp-content\/uploads\/2023\/03\/paredsur-1.jpg\" \/>\n\t<meta property=\"og:image:width\" content=\"960\" \/>\n\t<meta property=\"og:image:height\" content=\"720\" \/>\n\t<meta property=\"og:image:type\" content=\"image\/jpeg\" \/>\n<meta name=\"author\" content=\"desarrollo\" \/>\n<meta name=\"twitter:card\" content=\"summary_large_image\" \/>\n<meta name=\"twitter:label1\" content=\"Escrito por\" \/>\n\t<meta name=\"twitter:data1\" content=\"desarrollo\" \/>\n\t<meta name=\"twitter:label2\" content=\"Tiempo de lectura\" \/>\n\t<meta name=\"twitter:data2\" content=\"3 minutos\" \/>\n<script type=\"application\/ld+json\" class=\"yoast-schema-graph\">{\"@context\":\"https:\\\/\\\/schema.org\",\"@graph\":[{\"@type\":\"Article\",\"@id\":\"https:\\\/\\\/andesport.net\\\/es\\\/el-muro-sur-el-gran-desafio-de-america\\\/#article\",\"isPartOf\":{\"@id\":\"https:\\\/\\\/andesport.net\\\/es\\\/el-muro-sur-el-gran-desafio-de-america\\\/\"},\"author\":{\"name\":\"desarrollo\",\"@id\":\"https:\\\/\\\/andesport.net\\\/es\\\/#\\\/schema\\\/person\\\/254fedb48827e88f555c1e442debe4d9\"},\"headline\":\"El muro sur, el gran desaf\u00edo de Am\u00e9rica\",\"datePublished\":\"2023-03-30T12:36:23+00:00\",\"dateModified\":\"2024-05-28T23:56:34+00:00\",\"mainEntityOfPage\":{\"@id\":\"https:\\\/\\\/andesport.net\\\/es\\\/el-muro-sur-el-gran-desafio-de-america\\\/\"},\"wordCount\":558,\"publisher\":{\"@id\":\"https:\\\/\\\/andesport.net\\\/es\\\/#organization\"},\"image\":{\"@id\":\"https:\\\/\\\/andesport.net\\\/es\\\/el-muro-sur-el-gran-desafio-de-america\\\/#primaryimage\"},\"thumbnailUrl\":\"https:\\\/\\\/andesport.net\\\/wp-content\\\/uploads\\\/2023\\\/03\\\/paredsur-1.jpg\",\"articleSection\":[\"Sin categorizar\"],\"inLanguage\":\"es\"},{\"@type\":\"WebPage\",\"@id\":\"https:\\\/\\\/andesport.net\\\/es\\\/el-muro-sur-el-gran-desafio-de-america\\\/\",\"url\":\"https:\\\/\\\/andesport.net\\\/es\\\/el-muro-sur-el-gran-desafio-de-america\\\/\",\"name\":\"El muro sur, el gran desaf\u00edo de Am\u00e9rica\",\"isPartOf\":{\"@id\":\"https:\\\/\\\/andesport.net\\\/es\\\/#website\"},\"primaryImageOfPage\":{\"@id\":\"https:\\\/\\\/andesport.net\\\/es\\\/el-muro-sur-el-gran-desafio-de-america\\\/#primaryimage\"},\"image\":{\"@id\":\"https:\\\/\\\/andesport.net\\\/es\\\/el-muro-sur-el-gran-desafio-de-america\\\/#primaryimage\"},\"thumbnailUrl\":\"https:\\\/\\\/andesport.net\\\/wp-content\\\/uploads\\\/2023\\\/03\\\/paredsur-1.jpg\",\"datePublished\":\"2023-03-30T12:36:23+00:00\",\"dateModified\":\"2024-05-28T23:56:34+00:00\",\"description\":\"Desde el punto de vista de su base en Plaza Francia, sus casi 3 kil\u00f3metros de diferencia El italiano Reinhold Messner, quiz\u00e1s el mejor alpinista de todos\",\"breadcrumb\":{\"@id\":\"https:\\\/\\\/andesport.net\\\/es\\\/el-muro-sur-el-gran-desafio-de-america\\\/#breadcrumb\"},\"inLanguage\":\"es\",\"potentialAction\":[{\"@type\":\"ReadAction\",\"target\":[\"https:\\\/\\\/andesport.net\\\/es\\\/el-muro-sur-el-gran-desafio-de-america\\\/\"]}]},{\"@type\":\"ImageObject\",\"inLanguage\":\"es\",\"@id\":\"https:\\\/\\\/andesport.net\\\/es\\\/el-muro-sur-el-gran-desafio-de-america\\\/#primaryimage\",\"url\":\"https:\\\/\\\/andesport.net\\\/wp-content\\\/uploads\\\/2023\\\/03\\\/paredsur-1.jpg\",\"contentUrl\":\"https:\\\/\\\/andesport.net\\\/wp-content\\\/uploads\\\/2023\\\/03\\\/paredsur-1.jpg\",\"width\":960,\"height\":720,\"caption\":\"Aconcagua-South-Face\"},{\"@type\":\"BreadcrumbList\",\"@id\":\"https:\\\/\\\/andesport.net\\\/es\\\/el-muro-sur-el-gran-desafio-de-america\\\/#breadcrumb\",\"itemListElement\":[{\"@type\":\"ListItem\",\"position\":1,\"name\":\"Home\",\"item\":\"https:\\\/\\\/andesport.net\\\/es\\\/aconcagua-expediciones-logistica-y-guias-andesport\\\/\"},{\"@type\":\"ListItem\",\"position\":2,\"name\":\"El muro sur, el gran desaf\u00edo de Am\u00e9rica\"}]},{\"@type\":\"WebSite\",\"@id\":\"https:\\\/\\\/andesport.net\\\/es\\\/#website\",\"url\":\"https:\\\/\\\/andesport.net\\\/es\\\/\",\"name\":\"Aconcagua Expeditions Logistics & Guides\",\"description\":\"Andesport,Where Adventure lives!!!\",\"publisher\":{\"@id\":\"https:\\\/\\\/andesport.net\\\/es\\\/#organization\"},\"potentialAction\":[{\"@type\":\"SearchAction\",\"target\":{\"@type\":\"EntryPoint\",\"urlTemplate\":\"https:\\\/\\\/andesport.net\\\/es\\\/?s={search_term_string}\"},\"query-input\":{\"@type\":\"PropertyValueSpecification\",\"valueRequired\":true,\"valueName\":\"search_term_string\"}}],\"inLanguage\":\"es\"},{\"@type\":\"Organization\",\"@id\":\"https:\\\/\\\/andesport.net\\\/es\\\/#organization\",\"name\":\"Andesport\",\"url\":\"https:\\\/\\\/andesport.net\\\/es\\\/\",\"logo\":{\"@type\":\"ImageObject\",\"inLanguage\":\"es\",\"@id\":\"https:\\\/\\\/andesport.net\\\/es\\\/#\\\/schema\\\/logo\\\/image\\\/\",\"url\":\"https:\\\/\\\/andesport.net\\\/wp-content\\\/uploads\\\/2024\\\/05\\\/andesport-logo-color.png\",\"contentUrl\":\"https:\\\/\\\/andesport.net\\\/wp-content\\\/uploads\\\/2024\\\/05\\\/andesport-logo-color.png\",\"width\":332,\"height\":231,\"caption\":\"Andesport\"},\"image\":{\"@id\":\"https:\\\/\\\/andesport.net\\\/es\\\/#\\\/schema\\\/logo\\\/image\\\/\"},\"sameAs\":[\"https:\\\/\\\/www.facebook.com\\\/andesportexpeditions\\\/\",\"https:\\\/\\\/www.instagram.com\\\/andesportexpeditions\\\/\"]},{\"@type\":\"Person\",\"@id\":\"https:\\\/\\\/andesport.net\\\/es\\\/#\\\/schema\\\/person\\\/254fedb48827e88f555c1e442debe4d9\",\"name\":\"desarrollo\",\"image\":{\"@type\":\"ImageObject\",\"inLanguage\":\"es\",\"@id\":\"https:\\\/\\\/andesport.net\\\/wp-content\\\/litespeed\\\/avatar\\\/a1f92e7a6266a76d57717e1eaf760658.jpg?ver=1777465202\",\"url\":\"https:\\\/\\\/andesport.net\\\/wp-content\\\/litespeed\\\/avatar\\\/a1f92e7a6266a76d57717e1eaf760658.jpg?ver=1777465202\",\"contentUrl\":\"https:\\\/\\\/andesport.net\\\/wp-content\\\/litespeed\\\/avatar\\\/a1f92e7a6266a76d57717e1eaf760658.jpg?ver=1777465202\",\"caption\":\"desarrollo\"},\"sameAs\":[\"https:\\\/\\\/andesport.net\"]}]}<\/script>\n<!-- \/ Yoast SEO plugin. -->","yoast_head_json":{"title":"El muro sur, el gran desaf\u00edo de Am\u00e9rica","description":"Desde el punto de vista de su base en Plaza Francia, sus casi 3 kil\u00f3metros de diferencia El italiano Reinhold Messner, quiz\u00e1s el mejor alpinista de todos","robots":{"index":"index","follow":"follow","max-snippet":"max-snippet:-1","max-image-preview":"max-image-preview:large","max-video-preview":"max-video-preview:-1"},"canonical":"https:\/\/andesport.net\/es\/el-muro-sur-el-gran-desafio-de-america\/","og_locale":"es_ES","og_type":"article","og_title":"El muro sur, el gran desaf\u00edo de Am\u00e9rica","og_description":"Desde el punto de vista de su base en Plaza Francia, sus casi 3 kil\u00f3metros de diferencia El italiano Reinhold Messner, quiz\u00e1s el mejor alpinista de todos","og_url":"https:\/\/andesport.net\/es\/el-muro-sur-el-gran-desafio-de-america\/","article_publisher":"https:\/\/www.facebook.com\/andesportexpeditions\/","article_published_time":"2023-03-30T12:36:23+00:00","article_modified_time":"2024-05-28T23:56:34+00:00","og_image":[{"width":960,"height":720,"url":"https:\/\/andesport.net\/wp-content\/uploads\/2023\/03\/paredsur-1.jpg","type":"image\/jpeg"}],"author":"desarrollo","twitter_card":"summary_large_image","twitter_misc":{"Escrito por":"desarrollo","Tiempo de lectura":"3 minutos"},"schema":{"@context":"https:\/\/schema.org","@graph":[{"@type":"Article","@id":"https:\/\/andesport.net\/es\/el-muro-sur-el-gran-desafio-de-america\/#article","isPartOf":{"@id":"https:\/\/andesport.net\/es\/el-muro-sur-el-gran-desafio-de-america\/"},"author":{"name":"desarrollo","@id":"https:\/\/andesport.net\/es\/#\/schema\/person\/254fedb48827e88f555c1e442debe4d9"},"headline":"El muro sur, el gran desaf\u00edo de Am\u00e9rica","datePublished":"2023-03-30T12:36:23+00:00","dateModified":"2024-05-28T23:56:34+00:00","mainEntityOfPage":{"@id":"https:\/\/andesport.net\/es\/el-muro-sur-el-gran-desafio-de-america\/"},"wordCount":558,"publisher":{"@id":"https:\/\/andesport.net\/es\/#organization"},"image":{"@id":"https:\/\/andesport.net\/es\/el-muro-sur-el-gran-desafio-de-america\/#primaryimage"},"thumbnailUrl":"https:\/\/andesport.net\/wp-content\/uploads\/2023\/03\/paredsur-1.jpg","articleSection":["Sin categorizar"],"inLanguage":"es"},{"@type":"WebPage","@id":"https:\/\/andesport.net\/es\/el-muro-sur-el-gran-desafio-de-america\/","url":"https:\/\/andesport.net\/es\/el-muro-sur-el-gran-desafio-de-america\/","name":"El muro sur, el gran desaf\u00edo de Am\u00e9rica","isPartOf":{"@id":"https:\/\/andesport.net\/es\/#website"},"primaryImageOfPage":{"@id":"https:\/\/andesport.net\/es\/el-muro-sur-el-gran-desafio-de-america\/#primaryimage"},"image":{"@id":"https:\/\/andesport.net\/es\/el-muro-sur-el-gran-desafio-de-america\/#primaryimage"},"thumbnailUrl":"https:\/\/andesport.net\/wp-content\/uploads\/2023\/03\/paredsur-1.jpg","datePublished":"2023-03-30T12:36:23+00:00","dateModified":"2024-05-28T23:56:34+00:00","description":"Desde el punto de vista de su base en Plaza Francia, sus casi 3 kil\u00f3metros de diferencia El italiano Reinhold Messner, quiz\u00e1s el mejor alpinista de todos","breadcrumb":{"@id":"https:\/\/andesport.net\/es\/el-muro-sur-el-gran-desafio-de-america\/#breadcrumb"},"inLanguage":"es","potentialAction":[{"@type":"ReadAction","target":["https:\/\/andesport.net\/es\/el-muro-sur-el-gran-desafio-de-america\/"]}]},{"@type":"ImageObject","inLanguage":"es","@id":"https:\/\/andesport.net\/es\/el-muro-sur-el-gran-desafio-de-america\/#primaryimage","url":"https:\/\/andesport.net\/wp-content\/uploads\/2023\/03\/paredsur-1.jpg","contentUrl":"https:\/\/andesport.net\/wp-content\/uploads\/2023\/03\/paredsur-1.jpg","width":960,"height":720,"caption":"Aconcagua-South-Face"},{"@type":"BreadcrumbList","@id":"https:\/\/andesport.net\/es\/el-muro-sur-el-gran-desafio-de-america\/#breadcrumb","itemListElement":[{"@type":"ListItem","position":1,"name":"Home","item":"https:\/\/andesport.net\/es\/aconcagua-expediciones-logistica-y-guias-andesport\/"},{"@type":"ListItem","position":2,"name":"El muro sur, el gran desaf\u00edo de Am\u00e9rica"}]},{"@type":"WebSite","@id":"https:\/\/andesport.net\/es\/#website","url":"https:\/\/andesport.net\/es\/","name":"Aconcagua Expeditions Logistics & Guides","description":"Andesport,Where Adventure lives!!!","publisher":{"@id":"https:\/\/andesport.net\/es\/#organization"},"potentialAction":[{"@type":"SearchAction","target":{"@type":"EntryPoint","urlTemplate":"https:\/\/andesport.net\/es\/?s={search_term_string}"},"query-input":{"@type":"PropertyValueSpecification","valueRequired":true,"valueName":"search_term_string"}}],"inLanguage":"es"},{"@type":"Organization","@id":"https:\/\/andesport.net\/es\/#organization","name":"Andesport","url":"https:\/\/andesport.net\/es\/","logo":{"@type":"ImageObject","inLanguage":"es","@id":"https:\/\/andesport.net\/es\/#\/schema\/logo\/image\/","url":"https:\/\/andesport.net\/wp-content\/uploads\/2024\/05\/andesport-logo-color.png","contentUrl":"https:\/\/andesport.net\/wp-content\/uploads\/2024\/05\/andesport-logo-color.png","width":332,"height":231,"caption":"Andesport"},"image":{"@id":"https:\/\/andesport.net\/es\/#\/schema\/logo\/image\/"},"sameAs":["https:\/\/www.facebook.com\/andesportexpeditions\/","https:\/\/www.instagram.com\/andesportexpeditions\/"]},{"@type":"Person","@id":"https:\/\/andesport.net\/es\/#\/schema\/person\/254fedb48827e88f555c1e442debe4d9","name":"desarrollo","image":{"@type":"ImageObject","inLanguage":"es","@id":"https:\/\/andesport.net\/wp-content\/litespeed\/avatar\/a1f92e7a6266a76d57717e1eaf760658.jpg?ver=1777465202","url":"https:\/\/andesport.net\/wp-content\/litespeed\/avatar\/a1f92e7a6266a76d57717e1eaf760658.jpg?ver=1777465202","contentUrl":"https:\/\/andesport.net\/wp-content\/litespeed\/avatar\/a1f92e7a6266a76d57717e1eaf760658.jpg?ver=1777465202","caption":"desarrollo"},"sameAs":["https:\/\/andesport.net"]}]}},"_links":{"self":[{"href":"https:\/\/andesport.net\/es\/wp-json\/wp\/v2\/posts\/1187","targetHints":{"allow":["GET"]}}],"collection":[{"href":"https:\/\/andesport.net\/es\/wp-json\/wp\/v2\/posts"}],"about":[{"href":"https:\/\/andesport.net\/es\/wp-json\/wp\/v2\/types\/post"}],"author":[{"embeddable":true,"href":"https:\/\/andesport.net\/es\/wp-json\/wp\/v2\/users\/1"}],"replies":[{"embeddable":true,"href":"https:\/\/andesport.net\/es\/wp-json\/wp\/v2\/comments?post=1187"}],"version-history":[{"count":1,"href":"https:\/\/andesport.net\/es\/wp-json\/wp\/v2\/posts\/1187\/revisions"}],"predecessor-version":[{"id":3511,"href":"https:\/\/andesport.net\/es\/wp-json\/wp\/v2\/posts\/1187\/revisions\/3511"}],"wp:featuredmedia":[{"embeddable":true,"href":"https:\/\/andesport.net\/es\/wp-json\/wp\/v2\/media\/531"}],"wp:attachment":[{"href":"https:\/\/andesport.net\/es\/wp-json\/wp\/v2\/media?parent=1187"}],"wp:term":[{"taxonomy":"category","embeddable":true,"href":"https:\/\/andesport.net\/es\/wp-json\/wp\/v2\/categories?post=1187"},{"taxonomy":"post_tag","embeddable":true,"href":"https:\/\/andesport.net\/es\/wp-json\/wp\/v2\/tags?post=1187"}],"curies":[{"name":"wp","href":"https:\/\/api.w.org\/{rel}","templated":true}]}}